{"id":4093,"date":"2021-01-05T11:00:26","date_gmt":"2021-01-05T10:00:26","guid":{"rendered":"https:\/\/www.kraeuterhaus.de\/blog\/?p=4093"},"modified":"2021-04-15T07:59:41","modified_gmt":"2021-04-15T05:59:41","slug":"der-trend-in-gelb-die-yuzu-frucht","status":"publish","type":"post","link":"https:\/\/www.kraeuterhaus.de\/blog\/der-trend-in-gelb-die-yuzu-frucht\/","title":{"rendered":"Der Trend in Gelb \u2013 die Yuzu-Frucht"},"content":{"rendered":"<span class=\"span-reading-time rt-reading-time\" style=\"display: block;\"><span class=\"rt-label rt-prefix\">Lesezeit: <\/span> <span class=\"rt-time\"> 3<\/span> <span class=\"rt-label rt-postfix\">Minuten<\/span><\/span><article class=\"entry-content\"><p>Sie sieht aus wie die gro\u00dfe Schwester der Zitrone, kommt aus Asien und erfreut sich immer gr\u00f6\u00dferer Beliebtheit \u2013 vor allem in der gehobenen K\u00fcche. Von wem wir sprechen? Von der Yuzu-Frucht. Was die sogenannte japanische Zitrone ausmacht und wof\u00fcr Sie eingesetzt wird, erfahren Sie in unserem Beitrag.<\/p>\n<h2><strong>Was ist Yuzu?<\/strong><\/h2>\n<p>Zitronengelb, zu Beginn des Reifeprozesses manchmal noch ein wenig gr\u00fcn \u2013 das ist die Zitrusfrucht Yuzu. Sie ist gr\u00f6\u00dfer als eine normale Zitrone, die wir in unseren Gefilden gewohnt sind, und hat zudem wesentlich gr\u00f6\u00dfere Kerne. Der Saft, den die Frucht abgibt, ist zwangsl\u00e4ufig begrenzt und somit umso kostbarer. F\u00fcr die Gewinnung von 100 Milliliter Saft, br\u00e4uchte man in etwa ein Kilo Yuzu.<\/p>\n<p>Die Frucht schmeckt sauer-fruchtig, ein wenig bitter, alles in allem wesentlich komplexer als die Zitrone. Am besten beschreiben kann man sie vielleicht als ein Sammelsurium aus Limette, Grapefruit und Mandarine. Vergleicht man den Vitamin-C-Gehalt mit dem einer Zitrone, stellt man fest, dass Yuzu die dreifache Menge beinhaltet.<\/p>\n<h2><strong>In welcher Form kann man Yuzu kaufen?<\/strong><\/h2>\n<p>Yuzu kann man in verschiedenen Formen erwerben. Die ganze Zitrusfrucht erh\u00e4lt man in der Regel nicht in unseren einheimischen Superm\u00e4rkten, sondern h\u00f6chstens in Feinkostl\u00e4den oder besonderen Obsthandlungen. In Ihrer Schale stecken wertvolle <a href=\"https:\/\/www.kraeuterhaus.de\/index.php?module=website_search&amp;index%5Bwebsite_search%5D%5Baction%5D=overview&amp;index%5Bwebsite_search%5D%5Bpattern%5D=%C3%A4therische+%C3%B6le&amp;token=OCgvNepZ4w&amp;campaign=blog\/yuzu\/link&amp;utm_source=social&amp;utm_campaign=blog&amp;utm_medium=link&amp;utm_term=suche_aetherische_oele&amp;utm_content=yuzu&amp;ref=wkz11\">\u00e4therische \u00d6le<\/a>, sodass diese oft ausgepresst, gerieben oder in Streifen geschnitten genutzt wird. Auch das Fruchtfleisch wird gern verwendet. Oft vermengt mit Salz und Pfeffer als sogenanntes \u201eYuzu-Kosho\u201c \u2013 in erster Linie zum W\u00fcrzen von Fleisch.<\/p>\n<p>Die Frucht hat von Oktober bis in den Januar hinein Saison und kann in dieser Zeit am besten frisch gekauft werden. Aufbewahren sollte man sie bei Zimmertemperatur \u2013 dann ist sie ca. drei Wochen genie\u00dfbar.<\/p>\n<p>Die Schale kann man zudem grob zerkleinert oder in Pulverform erhalten. Wesentlich h\u00e4ufiger ist diese Form in Feinkostl\u00e4den zu finden. Der <a href=\"https:\/\/www.kraeuterhaus.de\/index.php?module=shop_articles&amp;index[shop_articles][action]=details&amp;index[shop_articles][data][shop_articles_id]=224601&amp;campaign=blog\/yuzu\/link&amp;utm_source=social&amp;utm_campaign=blog&amp;utm_medium=link&amp;utm_term=708&amp;utm_content=yuzu&amp;ref=wkz11\">Saft<\/a> wird in reiner oder verd\u00fcnnter Form verkauft. Auch diesen sollte man nach \u00d6ffnung der Flasche meist innerhalb von drei Wochen verzehren.<\/p>\n<h2><strong>Wof\u00fcr kann man Yuzu nutzen?<\/strong><\/h2>\n<p>Aufgrund der Seltenheit der Frucht und des dementsprechenden Preises wird Yuzu in ihrer frischen Form meist nur von Spitzenk\u00f6chen verwendet. In der asiatisch-gehobenen K\u00fcche sorgt sie in Suppen, Pasta-, Fisch- oder Fleischgerichten f\u00fcr die ganz besondere Geschmacksnote.<\/p>\n<p>Beliebt ist die Yuzu ansonsten bei der Zubereitung von Desserts oder Cocktails. Gerade Gin-Liebhaber nutzen gerne Yuzu in p\u00fcrierter Form als zus\u00e4tzliche Zutat in einem Gin-Tonic und ein St\u00fcck der Schale als Dekoration.<\/p>\n<h2><strong>Auf den Geschmack gekommen!<\/strong><\/h2>\n<p>Probieren Sie doch auch einmal den zitronigen Insider-Tipp aus Asien und g\u00f6nnen Sie Ihren Geschmacksknospen ein ganz neues Erlebnis. Lassen Sie es sich schmecken \u2013 und wenn Sie mal wieder auf Reisen sind, verschl\u00e4gt es Sie ja vielleicht in das Hauptanbaugebiet der Yuzu, auf die Insel Shikoku in Japan.<\/p>\n<p>&nbsp;<\/p>\n<h2><strong>Unser Rezept f\u00fcr Sie: \u201eJapanische Garnelenspie\u00dfe\u201c<\/strong><\/h2>\n<p><strong>Zutaten:<\/strong><\/p>\n<ul>\n<li>400-600 g Garnelen (je nach Gr\u00f6\u00dfe)<\/li>\n<li>Ein gro\u00dfz\u00fcgiger Schuss japanische Sojasauce<\/li>\n<li>100 ml Dashi<\/li>\n<li>50 ml <a href=\"https:\/\/www.kraeuterhaus.de\/index.php?module=shop_articles&amp;index[shop_articles][action]=details&amp;index[shop_articles][data][shop_articles_id]=224601&amp;campaign=blog\/yuzu\/link&amp;utm_source=social&amp;utm_campaign=blog&amp;utm_medium=link&amp;utm_term=708&amp;utm_content=yuzu&amp;ref=wkz11\">Yuzu-Saft<\/a><\/li>\n<li>4 Teel\u00f6ffel Reiswein<\/li>\n<li>1 Fr\u00fchlingszwiebel<\/li>\n<li>2 Radieschen<\/li>\n<li>\u00bd Teel\u00f6ffel Meerrettich (frisch gerieben)<\/li>\n<\/ul>\n<p><strong>Zubereitung:<\/strong><\/p>\n<p>Radieschen und Fr\u00fchlingszwiebeln in kleine W\u00fcrfel bzw. Ringe schneiden und mit den anderen Zutaten vermengen. \u00dcber Nacht ziehen lassen. Die Garnelen am n\u00e4chsten Tag ca. 2 Stunden in der Marinade einlegen, anschlie\u00dfend aufspie\u00dfen und grillen. Fertig!<\/p>\n<\/article>","protected":false},"excerpt":{"rendered":"<p><span class=\"span-reading-time rt-reading-time\" style=\"display: block;\"><span class=\"rt-label rt-prefix\">Lesezeit: <\/span> <span class=\"rt-time\"> 3<\/span> <span class=\"rt-label rt-postfix\">Minuten<\/span><\/span>Sie sieht aus wie die gro\u00dfe Schwester der Zitrone, kommt aus Asien und erfreut sich immer gr\u00f6\u00dferer Beliebtheit \u2013 vor allem in der gehobenen&#8230;<\/p>\n","protected":false},"author":2,"featured_media":4096,"comment_status":"closed","ping_status":"open","sticky":false,"template":"","format":"standard","meta":{"footnotes":""},"categories":[6],"tags":[1528,1526,1525,518,1527,666,1523,1524],"class_list":["post-4093","post","type-post","status-publish","format-standard","has-post-thumbnail","hentry","category-ernaehrung","tag-aetherisches-oel","tag-japan","tag-japanische-zitrone","tag-rezept","tag-vitalsaft","tag-vitamin-c","tag-yuzu","tag-zitrussaft","post-item","post-even"],"yoast_head":"<!-- This site is optimized with the Yoast SEO plugin v27.3 - https:\/\/yoast.com\/product\/yoast-seo-wordpress\/ -->\n<title>Der Trend in Gelb \u2013 die Yuzu-Frucht<\/title>\n<meta name=\"description\" content=\"Die japanische Zitrusfrucht ist in aller Munde. Wie Sie auch auf den Geschmack kommen k\u00f6nnen, erfahren Sie bei uns.\" \/>\n<meta name=\"robots\" content=\"index, follow, max-snippet:-1, max-image-preview:large, max-video-preview:-1\" \/>\n<link rel=\"canonical\" href=\"https:\/\/www.kraeuterhaus.de\/blog\/der-trend-in-gelb-die-yuzu-frucht\/\" \/>\n<meta property=\"og:locale\" content=\"de_DE\" \/>\n<meta property=\"og:type\" content=\"article\" \/>\n<meta property=\"og:title\" content=\"Der Trend in Gelb \u2013 die Yuzu-Frucht\" \/>\n<meta property=\"og:description\" content=\"Die japanische Zitrusfrucht ist in aller Munde. Wie Sie auch auf den Geschmack kommen k\u00f6nnen, erfahren Sie bei uns.\" \/>\n<meta property=\"og:url\" content=\"https:\/\/www.kraeuterhaus.de\/blog\/der-trend-in-gelb-die-yuzu-frucht\/\" \/>\n<meta property=\"og:site_name\" content=\"Wertvolles Wissen f\u00fcr Ihre Gesundheit und Sch\u00f6nheit\" \/>\n<meta property=\"article:publisher\" content=\"https:\/\/www.facebook.com\/Kraeuterhaus\/\" \/>\n<meta property=\"article:author\" content=\"https:\/\/www.facebook.com\/Kraeuterhaus\/\" \/>\n<meta property=\"article:published_time\" content=\"2021-01-05T10:00:26+00:00\" \/>\n<meta property=\"article:modified_time\" content=\"2021-04-15T05:59:41+00:00\" \/>\n<meta property=\"og:image\" content=\"https:\/\/www.kraeuterhaus.de\/blog\/wp-content\/uploads\/2021\/01\/yuzu_vitalsaft_1150x640.jpg\" \/>\n\t<meta property=\"og:image:width\" content=\"1150\" \/>\n\t<meta property=\"og:image:height\" content=\"640\" \/>\n\t<meta property=\"og:image:type\" content=\"image\/jpeg\" \/>\n<meta name=\"author\" content=\"Kr\u00e4uterhaus Team\" \/>\n<meta name=\"twitter:label1\" content=\"Verfasst von\" \/>\n\t<meta name=\"twitter:data1\" content=\"Kr\u00e4uterhaus Team\" \/>\n\t<meta name=\"twitter:label2\" content=\"Gesch\u00e4tzte Lesezeit\" \/>\n\t<meta name=\"twitter:data2\" content=\"3\u00a0Minuten\" \/>\n<script type=\"application\/ld+json\" class=\"yoast-schema-graph\">{\"@context\":\"https:\\\/\\\/schema.org\",\"@graph\":[{\"@type\":\"Article\",\"@id\":\"https:\\\/\\\/www.kraeuterhaus.de\\\/blog\\\/der-trend-in-gelb-die-yuzu-frucht\\\/#article\",\"isPartOf\":{\"@id\":\"https:\\\/\\\/www.kraeuterhaus.de\\\/blog\\\/der-trend-in-gelb-die-yuzu-frucht\\\/\"},\"author\":{\"name\":\"Kr\u00e4uterhaus Team\",\"@id\":\"https:\\\/\\\/www.kraeuterhaus.de\\\/blog\\\/#\\\/schema\\\/person\\\/15829ed1eec9aa47cd7a137a021e7848\"},\"headline\":\"Der Trend in Gelb \u2013 die Yuzu-Frucht\",\"datePublished\":\"2021-01-05T10:00:26+00:00\",\"dateModified\":\"2021-04-15T05:59:41+00:00\",\"mainEntityOfPage\":{\"@id\":\"https:\\\/\\\/www.kraeuterhaus.de\\\/blog\\\/der-trend-in-gelb-die-yuzu-frucht\\\/\"},\"wordCount\":550,\"publisher\":{\"@id\":\"https:\\\/\\\/www.kraeuterhaus.de\\\/blog\\\/#organization\"},\"image\":{\"@id\":\"https:\\\/\\\/www.kraeuterhaus.de\\\/blog\\\/der-trend-in-gelb-die-yuzu-frucht\\\/#primaryimage\"},\"thumbnailUrl\":\"https:\\\/\\\/www.kraeuterhaus.de\\\/blog\\\/wp-content\\\/uploads\\\/2021\\\/01\\\/yuzu_vitalsaft_1150x640.jpg\",\"keywords\":[\"\u00e4therisches \u00f6l\",\"Japan\",\"japanische Zitrone\",\"rezept\",\"vitalsaft\",\"vitamin c\",\"Yuzu\",\"Zitrussaft\"],\"articleSection\":[\"Ern\u00e4hrung\"],\"inLanguage\":\"de\"},{\"@type\":\"WebPage\",\"@id\":\"https:\\\/\\\/www.kraeuterhaus.de\\\/blog\\\/der-trend-in-gelb-die-yuzu-frucht\\\/\",\"url\":\"https:\\\/\\\/www.kraeuterhaus.de\\\/blog\\\/der-trend-in-gelb-die-yuzu-frucht\\\/\",\"name\":\"Der Trend in Gelb \u2013 die Yuzu-Frucht\",\"isPartOf\":{\"@id\":\"https:\\\/\\\/www.kraeuterhaus.de\\\/blog\\\/#website\"},\"primaryImageOfPage\":{\"@id\":\"https:\\\/\\\/www.kraeuterhaus.de\\\/blog\\\/der-trend-in-gelb-die-yuzu-frucht\\\/#primaryimage\"},\"image\":{\"@id\":\"https:\\\/\\\/www.kraeuterhaus.de\\\/blog\\\/der-trend-in-gelb-die-yuzu-frucht\\\/#primaryimage\"},\"thumbnailUrl\":\"https:\\\/\\\/www.kraeuterhaus.de\\\/blog\\\/wp-content\\\/uploads\\\/2021\\\/01\\\/yuzu_vitalsaft_1150x640.jpg\",\"datePublished\":\"2021-01-05T10:00:26+00:00\",\"dateModified\":\"2021-04-15T05:59:41+00:00\",\"description\":\"Die japanische Zitrusfrucht ist in aller Munde. Wie Sie auch auf den Geschmack kommen k\u00f6nnen, erfahren Sie bei uns.\",\"breadcrumb\":{\"@id\":\"https:\\\/\\\/www.kraeuterhaus.de\\\/blog\\\/der-trend-in-gelb-die-yuzu-frucht\\\/#breadcrumb\"},\"inLanguage\":\"de\",\"potentialAction\":[{\"@type\":\"ReadAction\",\"target\":[\"https:\\\/\\\/www.kraeuterhaus.de\\\/blog\\\/der-trend-in-gelb-die-yuzu-frucht\\\/\"]}]},{\"@type\":\"ImageObject\",\"inLanguage\":\"de\",\"@id\":\"https:\\\/\\\/www.kraeuterhaus.de\\\/blog\\\/der-trend-in-gelb-die-yuzu-frucht\\\/#primaryimage\",\"url\":\"https:\\\/\\\/www.kraeuterhaus.de\\\/blog\\\/wp-content\\\/uploads\\\/2021\\\/01\\\/yuzu_vitalsaft_1150x640.jpg\",\"contentUrl\":\"https:\\\/\\\/www.kraeuterhaus.de\\\/blog\\\/wp-content\\\/uploads\\\/2021\\\/01\\\/yuzu_vitalsaft_1150x640.jpg\",\"width\":1150,\"height\":640,\"caption\":\"Kr\u00e4uterhaus Sanct Bernhard - Die Yuzu-Frucht\"},{\"@type\":\"BreadcrumbList\",\"@id\":\"https:\\\/\\\/www.kraeuterhaus.de\\\/blog\\\/der-trend-in-gelb-die-yuzu-frucht\\\/#breadcrumb\",\"itemListElement\":[{\"@type\":\"ListItem\",\"position\":1,\"name\":\"Startseite\",\"item\":\"https:\\\/\\\/www.kraeuterhaus.de\\\/blog\\\/\"},{\"@type\":\"ListItem\",\"position\":2,\"name\":\"Der Trend in Gelb \u2013 die Yuzu-Frucht\"}]},{\"@type\":\"WebSite\",\"@id\":\"https:\\\/\\\/www.kraeuterhaus.de\\\/blog\\\/#website\",\"url\":\"https:\\\/\\\/www.kraeuterhaus.de\\\/blog\\\/\",\"name\":\"Wertvolles Wissen f\u00fcr Ihre Gesundheit und Sch\u00f6nheit\",\"description\":\"Willkommen auf unserem Weblog\",\"publisher\":{\"@id\":\"https:\\\/\\\/www.kraeuterhaus.de\\\/blog\\\/#organization\"},\"potentialAction\":[{\"@type\":\"SearchAction\",\"target\":{\"@type\":\"EntryPoint\",\"urlTemplate\":\"https:\\\/\\\/www.kraeuterhaus.de\\\/blog\\\/?s={search_term_string}\"},\"query-input\":{\"@type\":\"PropertyValueSpecification\",\"valueRequired\":true,\"valueName\":\"search_term_string\"}}],\"inLanguage\":\"de\"},{\"@type\":\"Organization\",\"@id\":\"https:\\\/\\\/www.kraeuterhaus.de\\\/blog\\\/#organization\",\"name\":\"Kr\u00e4uterhaus Sanct Bernhard\",\"url\":\"https:\\\/\\\/www.kraeuterhaus.de\\\/blog\\\/\",\"logo\":{\"@type\":\"ImageObject\",\"inLanguage\":\"de\",\"@id\":\"https:\\\/\\\/www.kraeuterhaus.de\\\/blog\\\/#\\\/schema\\\/logo\\\/image\\\/\",\"url\":\"https:\\\/\\\/www.kraeuterhaus.de\\\/blog\\\/wp-content\\\/uploads\\\/2016\\\/10\\\/logo.gif\",\"contentUrl\":\"https:\\\/\\\/www.kraeuterhaus.de\\\/blog\\\/wp-content\\\/uploads\\\/2016\\\/10\\\/logo.gif\",\"width\":213,\"height\":85,\"caption\":\"Kr\u00e4uterhaus Sanct Bernhard\"},\"image\":{\"@id\":\"https:\\\/\\\/www.kraeuterhaus.de\\\/blog\\\/#\\\/schema\\\/logo\\\/image\\\/\"},\"sameAs\":[\"https:\\\/\\\/www.facebook.com\\\/Kraeuterhaus\\\/\",\"https:\\\/\\\/www.instagram.com\\\/sanct.bernhard.official\\\/\",\"https:\\\/\\\/www.youtube.com\\\/channel\\\/UCtELoLvQTdj9iohrAryTGbA\"]},{\"@type\":\"Person\",\"@id\":\"https:\\\/\\\/www.kraeuterhaus.de\\\/blog\\\/#\\\/schema\\\/person\\\/15829ed1eec9aa47cd7a137a021e7848\",\"name\":\"Kr\u00e4uterhaus Team\",\"image\":{\"@type\":\"ImageObject\",\"inLanguage\":\"de\",\"@id\":\"https:\\\/\\\/secure.gravatar.com\\\/avatar\\\/0c5e6ac23e90621494e8b98ac4e160109ffbe8675b46f4875cebfbbd2d54796c?s=96&d=mm&r=g\",\"url\":\"https:\\\/\\\/secure.gravatar.com\\\/avatar\\\/0c5e6ac23e90621494e8b98ac4e160109ffbe8675b46f4875cebfbbd2d54796c?s=96&d=mm&r=g\",\"contentUrl\":\"https:\\\/\\\/secure.gravatar.com\\\/avatar\\\/0c5e6ac23e90621494e8b98ac4e160109ffbe8675b46f4875cebfbbd2d54796c?s=96&d=mm&r=g\",\"caption\":\"Kr\u00e4uterhaus Team\"},\"sameAs\":[\"https:\\\/\\\/www.kraeuterhaus.de\\\/\",\"https:\\\/\\\/www.facebook.com\\\/Kraeuterhaus\\\/\",\"https:\\\/\\\/www.instagram.com\\\/sanct.bernhard.official\\\/\"],\"url\":\"https:\\\/\\\/www.kraeuterhaus.de\\\/blog\\\/unsere-autoren\\\/\"}]}<\/script>\n<!-- \/ Yoast SEO plugin. -->","yoast_head_json":{"title":"Der Trend in Gelb \u2013 die Yuzu-Frucht","description":"Die japanische Zitrusfrucht ist in aller Munde. Wie Sie auch auf den Geschmack kommen k\u00f6nnen, erfahren Sie bei uns.","robots":{"index":"index","follow":"follow","max-snippet":"max-snippet:-1","max-image-preview":"max-image-preview:large","max-video-preview":"max-video-preview:-1"},"canonical":"https:\/\/www.kraeuterhaus.de\/blog\/der-trend-in-gelb-die-yuzu-frucht\/","og_locale":"de_DE","og_type":"article","og_title":"Der Trend in Gelb \u2013 die Yuzu-Frucht","og_description":"Die japanische Zitrusfrucht ist in aller Munde. Wie Sie auch auf den Geschmack kommen k\u00f6nnen, erfahren Sie bei uns.","og_url":"https:\/\/www.kraeuterhaus.de\/blog\/der-trend-in-gelb-die-yuzu-frucht\/","og_site_name":"Wertvolles Wissen f\u00fcr Ihre Gesundheit und Sch\u00f6nheit","article_publisher":"https:\/\/www.facebook.com\/Kraeuterhaus\/","article_author":"https:\/\/www.facebook.com\/Kraeuterhaus\/","article_published_time":"2021-01-05T10:00:26+00:00","article_modified_time":"2021-04-15T05:59:41+00:00","og_image":[{"width":1150,"height":640,"url":"https:\/\/www.kraeuterhaus.de\/blog\/wp-content\/uploads\/2021\/01\/yuzu_vitalsaft_1150x640.jpg","type":"image\/jpeg"}],"author":"Kr\u00e4uterhaus Team","twitter_misc":{"Verfasst von":"Kr\u00e4uterhaus Team","Gesch\u00e4tzte Lesezeit":"3\u00a0Minuten"},"schema":{"@context":"https:\/\/schema.org","@graph":[{"@type":"Article","@id":"https:\/\/www.kraeuterhaus.de\/blog\/der-trend-in-gelb-die-yuzu-frucht\/#article","isPartOf":{"@id":"https:\/\/www.kraeuterhaus.de\/blog\/der-trend-in-gelb-die-yuzu-frucht\/"},"author":{"name":"Kr\u00e4uterhaus Team","@id":"https:\/\/www.kraeuterhaus.de\/blog\/#\/schema\/person\/15829ed1eec9aa47cd7a137a021e7848"},"headline":"Der Trend in Gelb \u2013 die Yuzu-Frucht","datePublished":"2021-01-05T10:00:26+00:00","dateModified":"2021-04-15T05:59:41+00:00","mainEntityOfPage":{"@id":"https:\/\/www.kraeuterhaus.de\/blog\/der-trend-in-gelb-die-yuzu-frucht\/"},"wordCount":550,"publisher":{"@id":"https:\/\/www.kraeuterhaus.de\/blog\/#organization"},"image":{"@id":"https:\/\/www.kraeuterhaus.de\/blog\/der-trend-in-gelb-die-yuzu-frucht\/#primaryimage"},"thumbnailUrl":"https:\/\/www.kraeuterhaus.de\/blog\/wp-content\/uploads\/2021\/01\/yuzu_vitalsaft_1150x640.jpg","keywords":["\u00e4therisches \u00f6l","Japan","japanische Zitrone","rezept","vitalsaft","vitamin c","Yuzu","Zitrussaft"],"articleSection":["Ern\u00e4hrung"],"inLanguage":"de"},{"@type":"WebPage","@id":"https:\/\/www.kraeuterhaus.de\/blog\/der-trend-in-gelb-die-yuzu-frucht\/","url":"https:\/\/www.kraeuterhaus.de\/blog\/der-trend-in-gelb-die-yuzu-frucht\/","name":"Der Trend in Gelb \u2013 die Yuzu-Frucht","isPartOf":{"@id":"https:\/\/www.kraeuterhaus.de\/blog\/#website"},"primaryImageOfPage":{"@id":"https:\/\/www.kraeuterhaus.de\/blog\/der-trend-in-gelb-die-yuzu-frucht\/#primaryimage"},"image":{"@id":"https:\/\/www.kraeuterhaus.de\/blog\/der-trend-in-gelb-die-yuzu-frucht\/#primaryimage"},"thumbnailUrl":"https:\/\/www.kraeuterhaus.de\/blog\/wp-content\/uploads\/2021\/01\/yuzu_vitalsaft_1150x640.jpg","datePublished":"2021-01-05T10:00:26+00:00","dateModified":"2021-04-15T05:59:41+00:00","description":"Die japanische Zitrusfrucht ist in aller Munde. Wie Sie auch auf den Geschmack kommen k\u00f6nnen, erfahren Sie bei uns.","breadcrumb":{"@id":"https:\/\/www.kraeuterhaus.de\/blog\/der-trend-in-gelb-die-yuzu-frucht\/#breadcrumb"},"inLanguage":"de","potentialAction":[{"@type":"ReadAction","target":["https:\/\/www.kraeuterhaus.de\/blog\/der-trend-in-gelb-die-yuzu-frucht\/"]}]},{"@type":"ImageObject","inLanguage":"de","@id":"https:\/\/www.kraeuterhaus.de\/blog\/der-trend-in-gelb-die-yuzu-frucht\/#primaryimage","url":"https:\/\/www.kraeuterhaus.de\/blog\/wp-content\/uploads\/2021\/01\/yuzu_vitalsaft_1150x640.jpg","contentUrl":"https:\/\/www.kraeuterhaus.de\/blog\/wp-content\/uploads\/2021\/01\/yuzu_vitalsaft_1150x640.jpg","width":1150,"height":640,"caption":"Kr\u00e4uterhaus Sanct Bernhard - Die Yuzu-Frucht"},{"@type":"BreadcrumbList","@id":"https:\/\/www.kraeuterhaus.de\/blog\/der-trend-in-gelb-die-yuzu-frucht\/#breadcrumb","itemListElement":[{"@type":"ListItem","position":1,"name":"Startseite","item":"https:\/\/www.kraeuterhaus.de\/blog\/"},{"@type":"ListItem","position":2,"name":"Der Trend in Gelb \u2013 die Yuzu-Frucht"}]},{"@type":"WebSite","@id":"https:\/\/www.kraeuterhaus.de\/blog\/#website","url":"https:\/\/www.kraeuterhaus.de\/blog\/","name":"Wertvolles Wissen f\u00fcr Ihre Gesundheit und Sch\u00f6nheit","description":"Willkommen auf unserem Weblog","publisher":{"@id":"https:\/\/www.kraeuterhaus.de\/blog\/#organization"},"potentialAction":[{"@type":"SearchAction","target":{"@type":"EntryPoint","urlTemplate":"https:\/\/www.kraeuterhaus.de\/blog\/?s={search_term_string}"},"query-input":{"@type":"PropertyValueSpecification","valueRequired":true,"valueName":"search_term_string"}}],"inLanguage":"de"},{"@type":"Organization","@id":"https:\/\/www.kraeuterhaus.de\/blog\/#organization","name":"Kr\u00e4uterhaus Sanct Bernhard","url":"https:\/\/www.kraeuterhaus.de\/blog\/","logo":{"@type":"ImageObject","inLanguage":"de","@id":"https:\/\/www.kraeuterhaus.de\/blog\/#\/schema\/logo\/image\/","url":"https:\/\/www.kraeuterhaus.de\/blog\/wp-content\/uploads\/2016\/10\/logo.gif","contentUrl":"https:\/\/www.kraeuterhaus.de\/blog\/wp-content\/uploads\/2016\/10\/logo.gif","width":213,"height":85,"caption":"Kr\u00e4uterhaus Sanct Bernhard"},"image":{"@id":"https:\/\/www.kraeuterhaus.de\/blog\/#\/schema\/logo\/image\/"},"sameAs":["https:\/\/www.facebook.com\/Kraeuterhaus\/","https:\/\/www.instagram.com\/sanct.bernhard.official\/","https:\/\/www.youtube.com\/channel\/UCtELoLvQTdj9iohrAryTGbA"]},{"@type":"Person","@id":"https:\/\/www.kraeuterhaus.de\/blog\/#\/schema\/person\/15829ed1eec9aa47cd7a137a021e7848","name":"Kr\u00e4uterhaus Team","image":{"@type":"ImageObject","inLanguage":"de","@id":"https:\/\/secure.gravatar.com\/avatar\/0c5e6ac23e90621494e8b98ac4e160109ffbe8675b46f4875cebfbbd2d54796c?s=96&d=mm&r=g","url":"https:\/\/secure.gravatar.com\/avatar\/0c5e6ac23e90621494e8b98ac4e160109ffbe8675b46f4875cebfbbd2d54796c?s=96&d=mm&r=g","contentUrl":"https:\/\/secure.gravatar.com\/avatar\/0c5e6ac23e90621494e8b98ac4e160109ffbe8675b46f4875cebfbbd2d54796c?s=96&d=mm&r=g","caption":"Kr\u00e4uterhaus Team"},"sameAs":["https:\/\/www.kraeuterhaus.de\/","https:\/\/www.facebook.com\/Kraeuterhaus\/","https:\/\/www.instagram.com\/sanct.bernhard.official\/"],"url":"https:\/\/www.kraeuterhaus.de\/blog\/unsere-autoren\/"}]}},"views":10050,"_links":{"self":[{"href":"https:\/\/www.kraeuterhaus.de\/blog\/wp-json\/wp\/v2\/posts\/4093","targetHints":{"allow":["GET"]}}],"collection":[{"href":"https:\/\/www.kraeuterhaus.de\/blog\/wp-json\/wp\/v2\/posts"}],"about":[{"href":"https:\/\/www.kraeuterhaus.de\/blog\/wp-json\/wp\/v2\/types\/post"}],"author":[{"embeddable":true,"href":"https:\/\/www.kraeuterhaus.de\/blog\/wp-json\/wp\/v2\/users\/2"}],"replies":[{"embeddable":true,"href":"https:\/\/www.kraeuterhaus.de\/blog\/wp-json\/wp\/v2\/comments?post=4093"}],"version-history":[{"count":3,"href":"https:\/\/www.kraeuterhaus.de\/blog\/wp-json\/wp\/v2\/posts\/4093\/revisions"}],"predecessor-version":[{"id":4282,"href":"https:\/\/www.kraeuterhaus.de\/blog\/wp-json\/wp\/v2\/posts\/4093\/revisions\/4282"}],"wp:featuredmedia":[{"embeddable":true,"href":"https:\/\/www.kraeuterhaus.de\/blog\/wp-json\/wp\/v2\/media\/4096"}],"wp:attachment":[{"href":"https:\/\/www.kraeuterhaus.de\/blog\/wp-json\/wp\/v2\/media?parent=4093"}],"wp:term":[{"taxonomy":"category","embeddable":true,"href":"https:\/\/www.kraeuterhaus.de\/blog\/wp-json\/wp\/v2\/categories?post=4093"},{"taxonomy":"post_tag","embeddable":true,"href":"https:\/\/www.kraeuterhaus.de\/blog\/wp-json\/wp\/v2\/tags?post=4093"}],"curies":[{"name":"wp","href":"https:\/\/api.w.org\/{rel}","templated":true}]}}