{"id":2239,"date":"2017-07-27T11:22:05","date_gmt":"2017-07-27T09:22:05","guid":{"rendered":"https:\/\/www.kraeuterhaus.de\/blog\/?p=2239"},"modified":"2020-03-04T17:29:35","modified_gmt":"2020-03-04T16:29:35","slug":"gesund-braun-werden","status":"publish","type":"post","link":"https:\/\/www.kraeuterhaus.de\/blog\/gesund-braun-werden\/","title":{"rendered":"Gesund braun werden und die Br\u00e4une lange erhalten"},"content":{"rendered":"<span class=\"span-reading-time rt-reading-time\" style=\"display: block;\"><span class=\"rt-label rt-prefix\">Lesezeit: <\/span> <span class=\"rt-time\"> 3<\/span> <span class=\"rt-label rt-postfix\">Minuten<\/span><\/span><article class=\"entry-content\"><p>Endlich Sommer! F\u00fcr viele geh\u00f6rt dazu unbedingt ausgiebiges Sonnenbaden, egal ob auf dem Balkon, im Freibad, am See oder am Meer \u2013 mit dem Ziel m\u00f6glichst makelloser und dauerhafter Br\u00e4une. Da unsere Haut aber ein sehr empfindliches Organ ist, und Sonnenstrahlen auch potenziell hautsch\u00e4dliche UVA- und UVB-Strahlen enthalten, ist die richtige Vorbereitung und Pflege wichtig, um gesund und nachhaltig braun zu werden.<\/p>\n<p><!--more--><\/p>\n<p>Heute m\u00f6chten wir Ihnen deshalb f\u00fcnf der beliebtesten Produkte unserer Kunden rund ums gesunde Br\u00e4unen vorstellen.<\/p>\n<h2>1) Die \u201eMogelpackung\u201c \u2013 unsere <a href=\"https:\/\/www.kraeuterhaus.de\/de-DE\/produkte\/selbstbraeunungs-creme?campaign=blog\/gesund-braun-werden\/link&amp;utm_source=social&amp;utm_medium=link&amp;utm_campaign=blog&amp;utm_content=gesund-braun-werden&amp;utm_term=1419\">Selbstbr\u00e4unungs-Creme<\/a><\/h2>\n<p>Wer nicht gerade ein komplett naturbrauner Typ ist, kennt es: Nach einem langen Winter ist man erst einmal ziemlich blass. Um das auch vor den ersten warmen Sonnenstrahlen schon mal ein bisschen zu kompensieren, greifen zahlreiche Kunden gerne zu unserer Selbstbr\u00e4unungs-Creme. Sie verhilft schon vorab zu einer gewissen Grundbr\u00e4une, ganz ohne die negativen Effekte der UV-Strahlen, und pflegt dabei zus\u00e4tzlich mit Vitamin E, Ceramiden und Milchlipiden.<\/p>\n<p><em>\u201eAls kleiner \u201aErsatz\u2018 f\u00fcr die fehlenden Sonnenstunden sehr gut geeignet!\u201c<\/em>, finden auch unsere Kunden Rainer und Inge T.<\/p>\n<h2>2) Der \u201eKarotteneffekt\u201c \u2013 <a href=\"https:\/\/www.kraeuterhaus.de\/de-DE\/produkte\/carotin-kapseln-100-kapseln?campaign=blog\/gesund-braun-werden\/link&amp;utm_source=social&amp;utm_medium=link&amp;utm_campaign=blog&amp;utm_content=gesund-braun-werden&amp;utm_term=153\">Carotin-Kapseln<\/a><\/h2>\n<p>Beta-Carotin ist ein sekund\u00e4rer Pflanzenstoff aus der Familie der Carotinoide. Es kann vom K\u00f6rper nicht selbst hergestellt werden, ist aber in zahlreichen Fr\u00fcchten und Gem\u00fcsen enthalten. Als Nahrungserg\u00e4nzungsmittel in konzentrierter Form eingenommen, hat es zudem die positive Nebenwirkung des sogenannten \u201eKarrotteneffekts\u201c: es f\u00e4rbt die Haut braun\u00e4hnlich. Viele unserer Kunden nehmen es deshalb vor dem Sommerurlaub.<\/p>\n<p><em>\u201eHalten, was sie versprechen!\u201c<\/em>, schreibt dazu Pia G.<\/p>\n<h2>3) Der \u201eDauerbrenner\u201c \u2013 <a href=\"https:\/\/www.kraeuterhaus.de\/de-DE\/produkte\/sanddorn-feuchtigkeitscreme-mit-lsf?campaign=blog\/gesund-braun-werden\/link&amp;utm_source=social&amp;utm_medium=link&amp;utm_campaign=blog&amp;utm_content=gesund-braun-werden&amp;utm_term=1356\">Sanddorn-Feuchtigkeitscreme mit leichtem Lichtschutzfaktor\u00a0<\/a><\/h2>\n<p>Gerade am Anfang des Sommers passiert es uns immer wieder: Man denkt, die Sonne scheine noch nicht so stark, dass man bereits Sonnenmilch ben\u00f6tige. Und dann sitzt man in der Mittagspause doch noch auf eine Tasse Cappuccino l\u00e4nger vor dem Caf\u00e9 als geplant, und zack, ist es passiert: Der erste Sonnenbrand des Jahres ist da! Hier kommt unsere Sanddorn-Feuchtigkeitscreme ins Spiel. Sie pflegt einerseits Ihre Haut mit Seidenproteinen, Ceramiden, Milchlipiden und den nat\u00fcrlichen Inhaltsstoffen des Sanddorns. Andererseits hat sie aber auch bereits einen leichten Lichtschutzfaktor (LSF 6) mit eingebaut, der Sie als eine Art \u201eGrundausstattung\u201c schon vor der aggressiven Sonnenstrahlung sch\u00fctzt, wenn Sie noch gar nicht damit gerechnet hatten.<\/p>\n<p><em>\u201eSehr gute Tagescreme, die ich gerne verwende, auch weil sie einen Lichtschutzfaktor aufweist. Sie zieht schnell ein und ist sanft zur Haut\u201c<\/em>, schreibt uns dazu unsere Kundin Sigrid K.<\/p>\n<h2>4) Die \u201eUnverzichtbare\u201c \u2013 <a href=\"https:\/\/www.kraeuterhaus.de\/de-DE\/produkte\/aloe-vera-sonnenschutzmilch-lsf?campaign=blog\/gesund-braun-werden\/link&amp;utm_source=social&amp;utm_medium=link&amp;utm_campaign=blog&amp;utm_content=gesund-braun-werden&amp;utm_term=1388\">Sonnenmilch<\/a><\/h2>\n<p>Wer sich \u00fcber einen l\u00e4ngeren Zeitraum in der Sonne aufhalten oder sich gar explizit sonnen m\u00f6chte, f\u00fcr den ist eine richtige Sonnenmilch unverzichtbar. Der auf der Packung angegebene Lichtschutzfaktor (LSF) verr\u00e4t, wie viel l\u00e4nger man sich damit in der Sonne aufhalten kann, als dies mit der nat\u00fcrlichen Schutzfunktion der Haut der Fall w\u00e4re. Wir empfehlen f\u00fcr l\u00e4ngere \u201eSonnenb\u00e4der\u201c auf jeden Fall einen Faktor 30, den beispielsweise unsere Aloe-Vera-Sonnenschutzmilch aufweist. Sie gleicht zudem Feuchtigkeitsverluste aus und wirkt damit einer vorzeitigen Hautalterung entgegen.<\/p>\n<p><em>\u201eNehme keine andere Sonnencreme mehr. Sagt alles, oder?<\/em>\u201c Romana M.<\/p>\n<h2>5) Der \u201eAfterburner\u201c \u2013 <a href=\"https:\/\/www.kraeuterhaus.de\/de-DE\/produkte\/after-sun-hautpflege?campaign=blog\/gesund-braun-werden\/link&amp;utm_source=social&amp;utm_medium=link&amp;utm_campaign=blog&amp;utm_content=gesund-braun-werden&amp;utm_term=1417\">After-Sun Hautpflege<\/a><\/h2>\n<p>Auch bestens vorbereitet ist ein langer Sommertag in der Sonne eine Herausforderung f\u00fcr unsere Haut. Sie \u201ed\u00fcrstet\u201c dann quasi nach Pflege. Ideal daf\u00fcr geeignet ist unsere After-Sun Hautpflege mit vielen nat\u00fcrlichen Pflanzen\u00f6len, Aloe Vera, Vitamin E und Feuchthaltefaktoren. Hilft bei der Regeneration und tr\u00e4gt au\u00dferdem zur Erhaltung der Br\u00e4une bei.<\/p>\n<p><em>\u201ePrima After-Sun Creme \u2013 sp\u00fcrbar schnelle Linderung \u2013 zieht schnell ein und klebt \/ schmiert nicht!\u201c<\/em> findet auch Sasha G.<\/p>\n<\/article>","protected":false},"excerpt":{"rendered":"<p><span class=\"span-reading-time rt-reading-time\" style=\"display: block;\"><span class=\"rt-label rt-prefix\">Lesezeit: <\/span> <span class=\"rt-time\"> 3<\/span> <span class=\"rt-label rt-postfix\">Minuten<\/span><\/span>Endlich Sommer! F\u00fcr viele geh\u00f6rt dazu unbedingt ausgiebiges Sonnenbaden, egal ob auf dem Balkon, im Freibad, am See oder am Meer \u2013 mit dem&#8230;<\/p>\n","protected":false},"author":2,"featured_media":2252,"comment_status":"closed","ping_status":"open","sticky":false,"template":"","format":"standard","meta":{"footnotes":""},"categories":[8],"tags":[944,948,943,949,947,278,389,946,950,579,581,945],"class_list":["post-2239","post","type-post","status-publish","format-standard","has-post-thumbnail","hentry","category-kosmetik","tag-after-sun","tag-after-sun-creme","tag-braeune","tag-carotin","tag-feuchtigkeitscreme","tag-haut","tag-lichtschutzfaktor","tag-lsf","tag-selbstbraeuner","tag-sonnenbad","tag-sonnencreme","tag-sonnenmilch","post-item","post-even"],"yoast_head":"<!-- This site is optimized with the Yoast SEO plugin v27.3 - https:\/\/yoast.com\/product\/yoast-seo-wordpress\/ -->\n<title>Gesund braun werden und die Br\u00e4une lange erhalten<\/title>\n<meta name=\"description\" content=\"Endlich Sommer! Heute m\u00f6chten wir Ihnen f\u00fcnf der beliebtesten Produkte unserer Kunden rund ums gesunde Br\u00e4unen vorstellen.\" \/>\n<meta name=\"robots\" content=\"index, follow, max-snippet:-1, max-image-preview:large, max-video-preview:-1\" \/>\n<link rel=\"canonical\" href=\"https:\/\/www.kraeuterhaus.de\/blog\/gesund-braun-werden\/\" \/>\n<meta property=\"og:locale\" content=\"de_DE\" \/>\n<meta property=\"og:type\" content=\"article\" \/>\n<meta property=\"og:title\" content=\"Gesund braun werden und die Br\u00e4une lange erhalten\" \/>\n<meta property=\"og:description\" content=\"Endlich Sommer! Heute m\u00f6chten wir Ihnen f\u00fcnf der beliebtesten Produkte unserer Kunden rund ums gesunde Br\u00e4unen vorstellen.\" \/>\n<meta property=\"og:url\" content=\"https:\/\/www.kraeuterhaus.de\/blog\/gesund-braun-werden\/\" \/>\n<meta property=\"og:site_name\" content=\"Wertvolles Wissen f\u00fcr Ihre Gesundheit und Sch\u00f6nheit\" \/>\n<meta property=\"article:publisher\" content=\"https:\/\/www.facebook.com\/Kraeuterhaus\/\" \/>\n<meta property=\"article:author\" content=\"https:\/\/www.facebook.com\/Kraeuterhaus\/\" \/>\n<meta property=\"article:published_time\" content=\"2017-07-27T09:22:05+00:00\" \/>\n<meta property=\"article:modified_time\" content=\"2020-03-04T16:29:35+00:00\" \/>\n<meta property=\"og:image\" content=\"https:\/\/www.kraeuterhaus.de\/blog\/wp-content\/uploads\/2017\/07\/braeune_1150x640.jpg\" \/>\n\t<meta property=\"og:image:width\" content=\"1150\" \/>\n\t<meta property=\"og:image:height\" content=\"640\" \/>\n\t<meta property=\"og:image:type\" content=\"image\/jpeg\" \/>\n<meta name=\"author\" content=\"Kr\u00e4uterhaus Team\" \/>\n<meta name=\"twitter:label1\" content=\"Verfasst von\" \/>\n\t<meta name=\"twitter:data1\" content=\"Kr\u00e4uterhaus Team\" \/>\n\t<meta name=\"twitter:label2\" content=\"Gesch\u00e4tzte Lesezeit\" \/>\n\t<meta name=\"twitter:data2\" content=\"3\u00a0Minuten\" \/>\n<script type=\"application\/ld+json\" class=\"yoast-schema-graph\">{\"@context\":\"https:\\\/\\\/schema.org\",\"@graph\":[{\"@type\":\"Article\",\"@id\":\"https:\\\/\\\/www.kraeuterhaus.de\\\/blog\\\/gesund-braun-werden\\\/#article\",\"isPartOf\":{\"@id\":\"https:\\\/\\\/www.kraeuterhaus.de\\\/blog\\\/gesund-braun-werden\\\/\"},\"author\":{\"name\":\"Kr\u00e4uterhaus Team\",\"@id\":\"https:\\\/\\\/www.kraeuterhaus.de\\\/blog\\\/#\\\/schema\\\/person\\\/15829ed1eec9aa47cd7a137a021e7848\"},\"headline\":\"Gesund braun werden und die Br\u00e4une lange erhalten\",\"datePublished\":\"2017-07-27T09:22:05+00:00\",\"dateModified\":\"2020-03-04T16:29:35+00:00\",\"mainEntityOfPage\":{\"@id\":\"https:\\\/\\\/www.kraeuterhaus.de\\\/blog\\\/gesund-braun-werden\\\/\"},\"wordCount\":590,\"publisher\":{\"@id\":\"https:\\\/\\\/www.kraeuterhaus.de\\\/blog\\\/#organization\"},\"image\":{\"@id\":\"https:\\\/\\\/www.kraeuterhaus.de\\\/blog\\\/gesund-braun-werden\\\/#primaryimage\"},\"thumbnailUrl\":\"https:\\\/\\\/www.kraeuterhaus.de\\\/blog\\\/wp-content\\\/uploads\\\/2017\\\/07\\\/braeune_1150x640.jpg\",\"keywords\":[\"After-Sun\",\"After-Sun-Creme\",\"Br\u00e4une\",\"Carotin\",\"Feuchtigkeitscreme\",\"haut\",\"Lichtschutzfaktor\",\"LSF\",\"Selbstbr\u00e4uner\",\"Sonnenbad\",\"Sonnencreme\",\"Sonnenmilch\"],\"articleSection\":[\"Kosmetik\"],\"inLanguage\":\"de\"},{\"@type\":\"WebPage\",\"@id\":\"https:\\\/\\\/www.kraeuterhaus.de\\\/blog\\\/gesund-braun-werden\\\/\",\"url\":\"https:\\\/\\\/www.kraeuterhaus.de\\\/blog\\\/gesund-braun-werden\\\/\",\"name\":\"Gesund braun werden und die Br\u00e4une lange erhalten\",\"isPartOf\":{\"@id\":\"https:\\\/\\\/www.kraeuterhaus.de\\\/blog\\\/#website\"},\"primaryImageOfPage\":{\"@id\":\"https:\\\/\\\/www.kraeuterhaus.de\\\/blog\\\/gesund-braun-werden\\\/#primaryimage\"},\"image\":{\"@id\":\"https:\\\/\\\/www.kraeuterhaus.de\\\/blog\\\/gesund-braun-werden\\\/#primaryimage\"},\"thumbnailUrl\":\"https:\\\/\\\/www.kraeuterhaus.de\\\/blog\\\/wp-content\\\/uploads\\\/2017\\\/07\\\/braeune_1150x640.jpg\",\"datePublished\":\"2017-07-27T09:22:05+00:00\",\"dateModified\":\"2020-03-04T16:29:35+00:00\",\"description\":\"Endlich Sommer! Heute m\u00f6chten wir Ihnen f\u00fcnf der beliebtesten Produkte unserer Kunden rund ums gesunde Br\u00e4unen vorstellen.\",\"breadcrumb\":{\"@id\":\"https:\\\/\\\/www.kraeuterhaus.de\\\/blog\\\/gesund-braun-werden\\\/#breadcrumb\"},\"inLanguage\":\"de\",\"potentialAction\":[{\"@type\":\"ReadAction\",\"target\":[\"https:\\\/\\\/www.kraeuterhaus.de\\\/blog\\\/gesund-braun-werden\\\/\"]}]},{\"@type\":\"ImageObject\",\"inLanguage\":\"de\",\"@id\":\"https:\\\/\\\/www.kraeuterhaus.de\\\/blog\\\/gesund-braun-werden\\\/#primaryimage\",\"url\":\"https:\\\/\\\/www.kraeuterhaus.de\\\/blog\\\/wp-content\\\/uploads\\\/2017\\\/07\\\/braeune_1150x640.jpg\",\"contentUrl\":\"https:\\\/\\\/www.kraeuterhaus.de\\\/blog\\\/wp-content\\\/uploads\\\/2017\\\/07\\\/braeune_1150x640.jpg\",\"width\":1150,\"height\":640,\"caption\":\"Gesund braun werden und die Br\u00e4une lange erhalten\"},{\"@type\":\"BreadcrumbList\",\"@id\":\"https:\\\/\\\/www.kraeuterhaus.de\\\/blog\\\/gesund-braun-werden\\\/#breadcrumb\",\"itemListElement\":[{\"@type\":\"ListItem\",\"position\":1,\"name\":\"Startseite\",\"item\":\"https:\\\/\\\/www.kraeuterhaus.de\\\/blog\\\/\"},{\"@type\":\"ListItem\",\"position\":2,\"name\":\"Gesund braun werden und die Br\u00e4une lange erhalten\"}]},{\"@type\":\"WebSite\",\"@id\":\"https:\\\/\\\/www.kraeuterhaus.de\\\/blog\\\/#website\",\"url\":\"https:\\\/\\\/www.kraeuterhaus.de\\\/blog\\\/\",\"name\":\"Wertvolles Wissen f\u00fcr Ihre Gesundheit und Sch\u00f6nheit\",\"description\":\"Willkommen auf unserem Weblog\",\"publisher\":{\"@id\":\"https:\\\/\\\/www.kraeuterhaus.de\\\/blog\\\/#organization\"},\"potentialAction\":[{\"@type\":\"SearchAction\",\"target\":{\"@type\":\"EntryPoint\",\"urlTemplate\":\"https:\\\/\\\/www.kraeuterhaus.de\\\/blog\\\/?s={search_term_string}\"},\"query-input\":{\"@type\":\"PropertyValueSpecification\",\"valueRequired\":true,\"valueName\":\"search_term_string\"}}],\"inLanguage\":\"de\"},{\"@type\":\"Organization\",\"@id\":\"https:\\\/\\\/www.kraeuterhaus.de\\\/blog\\\/#organization\",\"name\":\"Kr\u00e4uterhaus Sanct Bernhard\",\"url\":\"https:\\\/\\\/www.kraeuterhaus.de\\\/blog\\\/\",\"logo\":{\"@type\":\"ImageObject\",\"inLanguage\":\"de\",\"@id\":\"https:\\\/\\\/www.kraeuterhaus.de\\\/blog\\\/#\\\/schema\\\/logo\\\/image\\\/\",\"url\":\"https:\\\/\\\/www.kraeuterhaus.de\\\/blog\\\/wp-content\\\/uploads\\\/2016\\\/10\\\/logo.gif\",\"contentUrl\":\"https:\\\/\\\/www.kraeuterhaus.de\\\/blog\\\/wp-content\\\/uploads\\\/2016\\\/10\\\/logo.gif\",\"width\":213,\"height\":85,\"caption\":\"Kr\u00e4uterhaus Sanct Bernhard\"},\"image\":{\"@id\":\"https:\\\/\\\/www.kraeuterhaus.de\\\/blog\\\/#\\\/schema\\\/logo\\\/image\\\/\"},\"sameAs\":[\"https:\\\/\\\/www.facebook.com\\\/Kraeuterhaus\\\/\",\"https:\\\/\\\/www.instagram.com\\\/sanct.bernhard.official\\\/\",\"https:\\\/\\\/www.youtube.com\\\/channel\\\/UCtELoLvQTdj9iohrAryTGbA\"]},{\"@type\":\"Person\",\"@id\":\"https:\\\/\\\/www.kraeuterhaus.de\\\/blog\\\/#\\\/schema\\\/person\\\/15829ed1eec9aa47cd7a137a021e7848\",\"name\":\"Kr\u00e4uterhaus Team\",\"image\":{\"@type\":\"ImageObject\",\"inLanguage\":\"de\",\"@id\":\"https:\\\/\\\/secure.gravatar.com\\\/avatar\\\/0c5e6ac23e90621494e8b98ac4e160109ffbe8675b46f4875cebfbbd2d54796c?s=96&d=mm&r=g\",\"url\":\"https:\\\/\\\/secure.gravatar.com\\\/avatar\\\/0c5e6ac23e90621494e8b98ac4e160109ffbe8675b46f4875cebfbbd2d54796c?s=96&d=mm&r=g\",\"contentUrl\":\"https:\\\/\\\/secure.gravatar.com\\\/avatar\\\/0c5e6ac23e90621494e8b98ac4e160109ffbe8675b46f4875cebfbbd2d54796c?s=96&d=mm&r=g\",\"caption\":\"Kr\u00e4uterhaus Team\"},\"sameAs\":[\"https:\\\/\\\/www.kraeuterhaus.de\\\/\",\"https:\\\/\\\/www.facebook.com\\\/Kraeuterhaus\\\/\",\"https:\\\/\\\/www.instagram.com\\\/sanct.bernhard.official\\\/\"],\"url\":\"https:\\\/\\\/www.kraeuterhaus.de\\\/blog\\\/unsere-autoren\\\/\"}]}<\/script>\n<!-- \/ Yoast SEO plugin. -->","yoast_head_json":{"title":"Gesund braun werden und die Br\u00e4une lange erhalten","description":"Endlich Sommer! Heute m\u00f6chten wir Ihnen f\u00fcnf der beliebtesten Produkte unserer Kunden rund ums gesunde Br\u00e4unen vorstellen.","robots":{"index":"index","follow":"follow","max-snippet":"max-snippet:-1","max-image-preview":"max-image-preview:large","max-video-preview":"max-video-preview:-1"},"canonical":"https:\/\/www.kraeuterhaus.de\/blog\/gesund-braun-werden\/","og_locale":"de_DE","og_type":"article","og_title":"Gesund braun werden und die Br\u00e4une lange erhalten","og_description":"Endlich Sommer! Heute m\u00f6chten wir Ihnen f\u00fcnf der beliebtesten Produkte unserer Kunden rund ums gesunde Br\u00e4unen vorstellen.","og_url":"https:\/\/www.kraeuterhaus.de\/blog\/gesund-braun-werden\/","og_site_name":"Wertvolles Wissen f\u00fcr Ihre Gesundheit und Sch\u00f6nheit","article_publisher":"https:\/\/www.facebook.com\/Kraeuterhaus\/","article_author":"https:\/\/www.facebook.com\/Kraeuterhaus\/","article_published_time":"2017-07-27T09:22:05+00:00","article_modified_time":"2020-03-04T16:29:35+00:00","og_image":[{"width":1150,"height":640,"url":"https:\/\/www.kraeuterhaus.de\/blog\/wp-content\/uploads\/2017\/07\/braeune_1150x640.jpg","type":"image\/jpeg"}],"author":"Kr\u00e4uterhaus Team","twitter_misc":{"Verfasst von":"Kr\u00e4uterhaus Team","Gesch\u00e4tzte Lesezeit":"3\u00a0Minuten"},"schema":{"@context":"https:\/\/schema.org","@graph":[{"@type":"Article","@id":"https:\/\/www.kraeuterhaus.de\/blog\/gesund-braun-werden\/#article","isPartOf":{"@id":"https:\/\/www.kraeuterhaus.de\/blog\/gesund-braun-werden\/"},"author":{"name":"Kr\u00e4uterhaus Team","@id":"https:\/\/www.kraeuterhaus.de\/blog\/#\/schema\/person\/15829ed1eec9aa47cd7a137a021e7848"},"headline":"Gesund braun werden und die Br\u00e4une lange erhalten","datePublished":"2017-07-27T09:22:05+00:00","dateModified":"2020-03-04T16:29:35+00:00","mainEntityOfPage":{"@id":"https:\/\/www.kraeuterhaus.de\/blog\/gesund-braun-werden\/"},"wordCount":590,"publisher":{"@id":"https:\/\/www.kraeuterhaus.de\/blog\/#organization"},"image":{"@id":"https:\/\/www.kraeuterhaus.de\/blog\/gesund-braun-werden\/#primaryimage"},"thumbnailUrl":"https:\/\/www.kraeuterhaus.de\/blog\/wp-content\/uploads\/2017\/07\/braeune_1150x640.jpg","keywords":["After-Sun","After-Sun-Creme","Br\u00e4une","Carotin","Feuchtigkeitscreme","haut","Lichtschutzfaktor","LSF","Selbstbr\u00e4uner","Sonnenbad","Sonnencreme","Sonnenmilch"],"articleSection":["Kosmetik"],"inLanguage":"de"},{"@type":"WebPage","@id":"https:\/\/www.kraeuterhaus.de\/blog\/gesund-braun-werden\/","url":"https:\/\/www.kraeuterhaus.de\/blog\/gesund-braun-werden\/","name":"Gesund braun werden und die Br\u00e4une lange erhalten","isPartOf":{"@id":"https:\/\/www.kraeuterhaus.de\/blog\/#website"},"primaryImageOfPage":{"@id":"https:\/\/www.kraeuterhaus.de\/blog\/gesund-braun-werden\/#primaryimage"},"image":{"@id":"https:\/\/www.kraeuterhaus.de\/blog\/gesund-braun-werden\/#primaryimage"},"thumbnailUrl":"https:\/\/www.kraeuterhaus.de\/blog\/wp-content\/uploads\/2017\/07\/braeune_1150x640.jpg","datePublished":"2017-07-27T09:22:05+00:00","dateModified":"2020-03-04T16:29:35+00:00","description":"Endlich Sommer! Heute m\u00f6chten wir Ihnen f\u00fcnf der beliebtesten Produkte unserer Kunden rund ums gesunde Br\u00e4unen vorstellen.","breadcrumb":{"@id":"https:\/\/www.kraeuterhaus.de\/blog\/gesund-braun-werden\/#breadcrumb"},"inLanguage":"de","potentialAction":[{"@type":"ReadAction","target":["https:\/\/www.kraeuterhaus.de\/blog\/gesund-braun-werden\/"]}]},{"@type":"ImageObject","inLanguage":"de","@id":"https:\/\/www.kraeuterhaus.de\/blog\/gesund-braun-werden\/#primaryimage","url":"https:\/\/www.kraeuterhaus.de\/blog\/wp-content\/uploads\/2017\/07\/braeune_1150x640.jpg","contentUrl":"https:\/\/www.kraeuterhaus.de\/blog\/wp-content\/uploads\/2017\/07\/braeune_1150x640.jpg","width":1150,"height":640,"caption":"Gesund braun werden und die Br\u00e4une lange erhalten"},{"@type":"BreadcrumbList","@id":"https:\/\/www.kraeuterhaus.de\/blog\/gesund-braun-werden\/#breadcrumb","itemListElement":[{"@type":"ListItem","position":1,"name":"Startseite","item":"https:\/\/www.kraeuterhaus.de\/blog\/"},{"@type":"ListItem","position":2,"name":"Gesund braun werden und die Br\u00e4une lange erhalten"}]},{"@type":"WebSite","@id":"https:\/\/www.kraeuterhaus.de\/blog\/#website","url":"https:\/\/www.kraeuterhaus.de\/blog\/","name":"Wertvolles Wissen f\u00fcr Ihre Gesundheit und Sch\u00f6nheit","description":"Willkommen auf unserem Weblog","publisher":{"@id":"https:\/\/www.kraeuterhaus.de\/blog\/#organization"},"potentialAction":[{"@type":"SearchAction","target":{"@type":"EntryPoint","urlTemplate":"https:\/\/www.kraeuterhaus.de\/blog\/?s={search_term_string}"},"query-input":{"@type":"PropertyValueSpecification","valueRequired":true,"valueName":"search_term_string"}}],"inLanguage":"de"},{"@type":"Organization","@id":"https:\/\/www.kraeuterhaus.de\/blog\/#organization","name":"Kr\u00e4uterhaus Sanct Bernhard","url":"https:\/\/www.kraeuterhaus.de\/blog\/","logo":{"@type":"ImageObject","inLanguage":"de","@id":"https:\/\/www.kraeuterhaus.de\/blog\/#\/schema\/logo\/image\/","url":"https:\/\/www.kraeuterhaus.de\/blog\/wp-content\/uploads\/2016\/10\/logo.gif","contentUrl":"https:\/\/www.kraeuterhaus.de\/blog\/wp-content\/uploads\/2016\/10\/logo.gif","width":213,"height":85,"caption":"Kr\u00e4uterhaus Sanct Bernhard"},"image":{"@id":"https:\/\/www.kraeuterhaus.de\/blog\/#\/schema\/logo\/image\/"},"sameAs":["https:\/\/www.facebook.com\/Kraeuterhaus\/","https:\/\/www.instagram.com\/sanct.bernhard.official\/","https:\/\/www.youtube.com\/channel\/UCtELoLvQTdj9iohrAryTGbA"]},{"@type":"Person","@id":"https:\/\/www.kraeuterhaus.de\/blog\/#\/schema\/person\/15829ed1eec9aa47cd7a137a021e7848","name":"Kr\u00e4uterhaus Team","image":{"@type":"ImageObject","inLanguage":"de","@id":"https:\/\/secure.gravatar.com\/avatar\/0c5e6ac23e90621494e8b98ac4e160109ffbe8675b46f4875cebfbbd2d54796c?s=96&d=mm&r=g","url":"https:\/\/secure.gravatar.com\/avatar\/0c5e6ac23e90621494e8b98ac4e160109ffbe8675b46f4875cebfbbd2d54796c?s=96&d=mm&r=g","contentUrl":"https:\/\/secure.gravatar.com\/avatar\/0c5e6ac23e90621494e8b98ac4e160109ffbe8675b46f4875cebfbbd2d54796c?s=96&d=mm&r=g","caption":"Kr\u00e4uterhaus Team"},"sameAs":["https:\/\/www.kraeuterhaus.de\/","https:\/\/www.facebook.com\/Kraeuterhaus\/","https:\/\/www.instagram.com\/sanct.bernhard.official\/"],"url":"https:\/\/www.kraeuterhaus.de\/blog\/unsere-autoren\/"}]}},"views":21793,"_links":{"self":[{"href":"https:\/\/www.kraeuterhaus.de\/blog\/wp-json\/wp\/v2\/posts\/2239","targetHints":{"allow":["GET"]}}],"collection":[{"href":"https:\/\/www.kraeuterhaus.de\/blog\/wp-json\/wp\/v2\/posts"}],"about":[{"href":"https:\/\/www.kraeuterhaus.de\/blog\/wp-json\/wp\/v2\/types\/post"}],"author":[{"embeddable":true,"href":"https:\/\/www.kraeuterhaus.de\/blog\/wp-json\/wp\/v2\/users\/2"}],"replies":[{"embeddable":true,"href":"https:\/\/www.kraeuterhaus.de\/blog\/wp-json\/wp\/v2\/comments?post=2239"}],"version-history":[{"count":3,"href":"https:\/\/www.kraeuterhaus.de\/blog\/wp-json\/wp\/v2\/posts\/2239\/revisions"}],"predecessor-version":[{"id":3747,"href":"https:\/\/www.kraeuterhaus.de\/blog\/wp-json\/wp\/v2\/posts\/2239\/revisions\/3747"}],"wp:featuredmedia":[{"embeddable":true,"href":"https:\/\/www.kraeuterhaus.de\/blog\/wp-json\/wp\/v2\/media\/2252"}],"wp:attachment":[{"href":"https:\/\/www.kraeuterhaus.de\/blog\/wp-json\/wp\/v2\/media?parent=2239"}],"wp:term":[{"taxonomy":"category","embeddable":true,"href":"https:\/\/www.kraeuterhaus.de\/blog\/wp-json\/wp\/v2\/categories?post=2239"},{"taxonomy":"post_tag","embeddable":true,"href":"https:\/\/www.kraeuterhaus.de\/blog\/wp-json\/wp\/v2\/tags?post=2239"}],"curies":[{"name":"wp","href":"https:\/\/api.w.org\/{rel}","templated":true}]}}